{"id":2132,"date":"2014-03-03T13:12:42","date_gmt":"2014-03-03T11:12:42","guid":{"rendered":"http:\/\/www.puheoikeus.fi\/?p=2132"},"modified":"2014-03-03T14:55:39","modified_gmt":"2014-03-03T12:55:39","slug":"kysely-viittomien-ja-aacn-kaytto","status":"publish","type":"post","link":"https:\/\/www.puheoikeus.fi\/fr\/2014\/03\/kysely-viittomien-ja-aacn-kaytto\/","title":{"rendered":"Kysely &#8211; viittomien ja AAC:n k\u00e4ytt\u00f6"},"content":{"rendered":"<p class=\"qtranxs-available-languages-message qtranxs-available-languages-message-fr\">Ici vous trouvez l\\'article en <a href=\"https:\/\/www.puheoikeus.fi\/fi\/wp-json\/wp\/v2\/posts\/2132\" class=\"qtranxs-available-language-link qtranxs-available-language-link-fi\" title=\"Suomi\">Finnois<\/a> et <a href=\"https:\/\/www.puheoikeus.fi\/sv\/wp-json\/wp\/v2\/posts\/2132\" class=\"qtranxs-available-language-link qtranxs-available-language-link-sv\" title=\"Svenska\">Su\u00e9dois<\/a>. Pour le confort de l\u2019utilisateur, le contenu est affich\u00e9 ci-dessous dans la langue par d\u00e9faut du site. Vous pouvez cliquer l\u2019un des liens pour changer la langue du site en une autre langue disponible.<\/p><p><\/p>\n<h3>Kysely \/ viittomien ja AAC:n k\u00e4ytt\u00f6 &#8211; K\u00e4y <a class=\"profileLink\" href=\"https:\/\/www.facebook.com\/Puheoikeus.fi?ref=hl\" data-hovercard=\"\/ajax\/hovercard\/page.php?id=351059128342196\">Puheoikeus.fi<\/a> -sivulla (netti, FB) vastaamassa, kertomassa, kiitos!<\/h3>\n<p><strong><span style=\"color: #800080;\">Miss\u00e4 m\u00e4\u00e4rin perheesi saa viittoma- ja kommunikoinnin opastusta<\/span><\/strong> (sopeutumisvalmennuksena)? Montako tuntia vuodessa? Kuuluvatko l\u00e4hisukulaiset ja kouluymp\u00e4rist\u00f6 opastuksen piiriin my\u00f6s k\u00e4yt\u00e4nn\u00f6ss\u00e4? Miss\u00e4 m\u00e4\u00e4rin l\u00e4hiymp\u00e4rist\u00f6 (vanhemmat, sisarukset, isovanhemmat, serkut &#8230;, perhetutut ja eri henkil\u00f6st\u00f6ryhm\u00e4t) osaavat, kommunikoivat ja\/tai k\u00e4ytt\u00e4v\u00e4t viittomia ja AAC:t\u00e4 aktiivisesti? K\u00e4ytt\u00e4v\u00e4tk\u00f6 opettajat ja avustajat viittomia ja AAC:t\u00e4? <strong><span style=\"color: #800080;\">Laajentavatko he kommunikoinnin osaamista?<\/span><\/strong> Ent\u00e4 puheterapeutit? Muut terapeutit? Sosiaalisektori? Terveyskeskus? Hammashoitola? Kes\u00e4leiril\u00e4iset? Ip-kerhon vet\u00e4j\u00e4t? Viranomaiset?<\/p>\n<p><img loading=\"lazy\" class=\"size-full wp-image-1140 alignright\" alt=\"AAC as symbols Puheoikeus Terry GRAHN\" src=\"http:\/\/www.puheoikeus.fi\/wp-content\/uploads\/2013\/02\/AAC-as-symbols-Puheoikeus-Terry-GRAHN.png\" width=\"479\" height=\"75\" srcset=\"https:\/\/www.puheoikeus.fi\/wp-content\/uploads\/2013\/02\/AAC-as-symbols-Puheoikeus-Terry-GRAHN.png 479w, https:\/\/www.puheoikeus.fi\/wp-content\/uploads\/2013\/02\/AAC-as-symbols-Puheoikeus-Terry-GRAHN-300x46.png 300w\" sizes=\"(max-width: 479px) 100vw, 479px\" \/>On tavallista, ett\u00e4 autistin ymp\u00e4rist\u00f6 vaikenee. On yht\u00e4 surullisen tavallista, ett\u00e4 ymp\u00e4rist\u00f6 ei \u00ab\u00a0kehtaa\u00a0\u00bb viittoa, \u00ab\u00a0kun se n\u00e4ytt\u00e4\u00e4 niin hoopolta\u00a0\u00bb julkisesti. On tuiki tavallista, ettei viittomia edes hallita tai sitten hallitaan nuo 50 tavallisinta (ruoka, verbit, vaatteet). On tavallista, ett\u00e4 puhe on normaalia, ei hidasta. On yht\u00e4 tavallista, ett\u00e4 puhe on \u00ab\u00a0kuin \u00e4\u00e4li\u00f6lle\u00a0\u00bb, v\u00e4\u00e4ristellyin \u00e4\u00e4nens\u00e4vyin, tyyppi\u00e4 <em>\u00ab\u00a0oooonko suullllaa haauuuskaaaa\u00a0\u00bb<\/em>. On yll\u00e4tt\u00e4v\u00e4n tavallista, ett\u00e4 puhelaitteisiin ei uskalleta koskea ja ett\u00e4 niihin ei saada opastusta.<\/p>\n<p>On tavallista, ett\u00e4 ymp\u00e4rist\u00f6 pikemminkin lakkaa olemasta tekemisiss\u00e4 perheen kanssa kuin oppii kommunikoimaan heikoimman osapuolen kielell\u00e4.<\/p>\n<p>On tavallista, ett\u00e4 ymp\u00e4rist\u00f6 tyytyy siihen, ett\u00e4 erityislapsesta ei ole \u00ab\u00a0sen kummammin haittaa\u00a0\u00bb, \u00ab\u00a0seh\u00e4n ymm\u00e4rt\u00e4\u00e4 tai on ainakin kuuliainen\u00a0\u00bb (tai asiaa t\u00e4ysin ymm\u00e4rt\u00e4m\u00e4t\u00f6n) \u00ab\u00a0paketti\u00a0\u00bb.<\/p>\n<p>On tavallista, ettei lapselle puhuta mit\u00e4\u00e4n, vaan t\u00e4m\u00e4n l\u00e4sn\u00e4olo nyt vain on. Muut juttelevat omiaan, erityislapsi \u00ab\u00a0vain on\u00a0\u00bb ja jos h\u00e4n on hiljaa, on kaikki \u00ab\u00a0hyvin\u00a0\u00bb.<\/p>\n<p>Kuinka moni tervehtii erityislasta sen sijaan, ett\u00e4 odottaa t\u00e4m\u00e4n toimivan sosiaalisissa tilanteissa aloitteellisena?<br \/>\nKuinka monella on kokemusta siit\u00e4, ett\u00e4 p\u00e4iv\u00e4kodin (tai vastaavan) v\u00e4ki sanoo olevansa viittomatta, \u00ab\u00a0kun lapsi ei ole osoittanut k\u00e4ytt\u00e4v\u00e4ns\u00e4 viittomia\u00a0\u00bb? Ollaanko muiden lasten kanssa hiljaa, kunnes he puhuvat? Erityislapsi ei voi arvailla oikein, ett\u00e4 v\u00e4ki kenties jonkin viittoman hallitsee.<\/p>\n<p><strong><span style=\"color: #800080;\">Mitk\u00e4 ovat kokemuksenne mukaan (mahdolliset) \u00ab\u00a0kootut selitykset\u00a0\u00bb sille, ettei ymp\u00e4rist\u00e4 viito tai k\u00e4yt\u00e4 AACt\u00e4 (tai edes tutustu siihen)?<\/span> <\/strong>Oma terveys? Omat k\u00e4det, eih\u00e4n n\u00e4ill\u00e4 voi viitota? Se, ett\u00e4 lapsih\u00e4n n\u00e4ytt\u00e4\u00e4 ymm\u00e4rt\u00e4v\u00e4n? Ei mik\u00e4\u00e4n (selitys tai perustelu)? Se, ettei kukan ole tarjonnut opastusta? Se, ett\u00e4 \u00ab\u00a0ei voi varmaan ymm\u00e4rt\u00e4\u00e4 lapsen viittomia, kun ne saattavat olla vain sinnep\u00e4in\u00a0\u00bb? EVVK (\u00ab\u00a0omapa on lapsenne\u00a0\u00bb)?<\/p>\n<p>Kuinka monella homma toimii niin, ett\u00e4 p\u00e4iv\u00e4koti, koulu, ip-kerho ja terapeutit osaavat jopa laajentaa kommunikoinnin osaamistaan sek\u00e4 lapsen vastaavaa taitoa? <strong><span style=\"color: #800080;\">Oletko t\u00f6rm\u00e4nnyt fantastiseen kommunikoinnin kehitt\u00e4miseen?<\/span><\/strong> Oletko t\u00f6rm\u00e4nnyt siihen kuntoutuksessa? Osaako asumispalvelun ja ty\u00f6paikan\/ty\u00f6keskuksen v\u00e4ki viittomia ja AAC:t\u00e4 ja k\u00e4ytt\u00e4v\u00e4tk\u00f6 he sit\u00e4? Kehitt\u00e4v\u00e4tk\u00f6 he erityisyksil\u00f6n osaamista, laajentavatko he t\u00e4m\u00e4n k\u00e4ytt\u00f6\u00e4? Tunnetko asiaan vihkiytyneen sosiaality\u00f6ntekij\u00e4n vammaispalveluissa tai koulutoimenjohtajan sivistystoimessa? Osaako joku t\u00e4t\u00e4 OPH:ssa?<\/p>\n<p>Onko perheiss\u00e4mme (asiakkaat, perheet itse) sellaisia, joissa on montaa kielt\u00e4 k\u00e4yt\u00f6ss\u00e4, mutta lapset ja muut puhuvat? Puhutteko t\u00e4ll\u00f6in vieraitakin kieli\u00e4? <strong><span style=\"color: #800080;\">Jos, niin miksette puhu heikoimmassa asemassa olevan sukulaisenne kielt\u00e4?<\/span><\/strong> Senk\u00f6 takia, \u00ab\u00a0ettei h\u00e4nt\u00e4 nyt lasketa\u00a0\u00bb?<\/p>\n<p>Kerro kokemuksistasi ja kerro my\u00f6s, oletteko k\u00e4yneet pyyt\u00e4m\u00e4ss\u00e4 viittoma- ja kommunikoinnin ohjausta kunnaltanne, m\u00e4\u00e4r\u00e4rahasidonnaisena kuntoutuksena ja onko ty\u00f6paikkanne kouluttautunut viittomiin ja nykyaikaisen AAC:n k\u00e4ytt\u00f6\u00f6n.<br \/>\n<strong>Kiit\u00e4mme jo etuk\u00e4teen vastauksistanne<\/strong>. Vain yhdess\u00e4 saamme jotain aikaan! Voit vastata kommentein, kirjoittaa komenttisi FB-sivullemme tai l\u00e4hett\u00e4\u00e4 s\u00e4hk\u00f6postia osoitteeseen grahnterry@gmail.com<\/p>\n<p>Jos tarvitset opastusta, voi Puheoikeus.fi auttaa. Ota yhteytt\u00e4!<\/p>\n<p><img loading=\"lazy\" class=\"alignleft size-full wp-image-2107\" alt=\"FBcollage\" src=\"http:\/\/www.puheoikeus.fi\/wp-content\/uploads\/2013\/12\/FBcollage.jpg\" width=\"851\" height=\"390\" srcset=\"https:\/\/www.puheoikeus.fi\/wp-content\/uploads\/2013\/12\/FBcollage.jpg 851w, https:\/\/www.puheoikeus.fi\/wp-content\/uploads\/2013\/12\/FBcollage-300x137.jpg 300w\" sizes=\"(max-width: 851px) 100vw, 851px\" \/><\/p>","protected":false},"excerpt":{"rendered":"<p>Ici vous trouvez l\\&rsquo;article en Finnois et Su\u00e9dois. Pour le confort de l\u2019utilisateur, le contenu est affich\u00e9 ci-dessous dans la langue par d\u00e9faut du site. Vous pouvez cliquer l\u2019un des liens pour changer la langue du site en une autre<span class=\"ellipsis\">&hellip;<\/span><\/p>\n<div class=\"read-more\"><a href=\"https:\/\/www.puheoikeus.fi\/fr\/2014\/03\/kysely-viittomien-ja-aacn-kaytto\/\">Lire la suite &#8250;<\/a><\/div>\n<p><!-- end of .read-more --><\/p>\n","protected":false},"author":3,"featured_media":0,"comment_status":"open","ping_status":"open","sticky":false,"template":"","format":"standard","meta":[],"categories":[1,88],"tags":[114,31,42,43,44,40,56,54,67,41,72],"_links":{"self":[{"href":"https:\/\/www.puheoikeus.fi\/fr\/wp-json\/wp\/v2\/posts\/2132"}],"collection":[{"href":"https:\/\/www.puheoikeus.fi\/fr\/wp-json\/wp\/v2\/posts"}],"about":[{"href":"https:\/\/www.puheoikeus.fi\/fr\/wp-json\/wp\/v2\/types\/post"}],"author":[{"embeddable":true,"href":"https:\/\/www.puheoikeus.fi\/fr\/wp-json\/wp\/v2\/users\/3"}],"replies":[{"embeddable":true,"href":"https:\/\/www.puheoikeus.fi\/fr\/wp-json\/wp\/v2\/comments?post=2132"}],"version-history":[{"count":6,"href":"https:\/\/www.puheoikeus.fi\/fr\/wp-json\/wp\/v2\/posts\/2132\/revisions"}],"predecessor-version":[{"id":2134,"href":"https:\/\/www.puheoikeus.fi\/fr\/wp-json\/wp\/v2\/posts\/2132\/revisions\/2134"}],"wp:attachment":[{"href":"https:\/\/www.puheoikeus.fi\/fr\/wp-json\/wp\/v2\/media?parent=2132"}],"wp:term":[{"taxonomy":"category","embeddable":true,"href":"https:\/\/www.puheoikeus.fi\/fr\/wp-json\/wp\/v2\/categories?post=2132"},{"taxonomy":"post_tag","embeddable":true,"href":"https:\/\/www.puheoikeus.fi\/fr\/wp-json\/wp\/v2\/tags?post=2132"}],"curies":[{"name":"wp","href":"https:\/\/api.w.org\/{rel}","templated":true}]}}