{"id":1825,"date":"2013-05-01T16:30:40","date_gmt":"2013-05-01T13:30:40","guid":{"rendered":"http:\/\/www.puheoikeus.fi\/?p=1825"},"modified":"2013-05-01T16:30:40","modified_gmt":"2013-05-01T13:30:40","slug":"ipad-appar-for-akk-och-specialpedagogik-januari-2013","status":"publish","type":"post","link":"https:\/\/www.puheoikeus.fi\/en\/2013\/05\/ipad-appar-for-akk-och-specialpedagogik-januari-2013\/","title":{"rendered":"iPad-appar f\u00f6r AKK och specialpedagogik, januari 2013"},"content":{"rendered":"<p class=\"qtranxs-available-languages-message qtranxs-available-languages-message-en\">The article is available in <a href=\"https:\/\/www.puheoikeus.fi\/sv\/wp-json\/wp\/v2\/posts\/1825\" class=\"qtranxs-available-language-link qtranxs-available-language-link-sv\" title=\"Svenska\">Swedish<\/a>. For the sake of viewer convenience, the content is shown below in the alternative language. You may click the link to switch the active language.<\/p><p>Johan Palm\u00e9n p\u00e5 Datateket (Folkh\u00e4lsan) har sammanst\u00e4llt listan i samarbete med huvudstadsregionens specialskolor och bl.a. Puheoikeus.fi. Listan uppdateras eller f\u00e5r till\u00e4gg n\u00e5gra g\u00e5nger i \u00e5ret.<\/p>\n<p><a href=\"http:\/\/www.puheoikeus.fi\/wp-content\/uploads\/2013\/05\/iPad-applista.pdf\" target=\"_blank\">Ladda ner listan h\u00e4r.<\/a><\/p>","protected":false},"excerpt":{"rendered":"<p>The article is available in Swedish. For the sake of viewer convenience, the content is shown below in the alternative language. You may click the link to switch the active language.Johan Palm\u00e9n p\u00e5 Datateket (Folkh\u00e4lsan) har sammanst\u00e4llt listan i samarbete<span class=\"ellipsis\">&hellip;<\/span><\/p>\n<div class=\"read-more\"><a href=\"https:\/\/www.puheoikeus.fi\/en\/2013\/05\/ipad-appar-for-akk-och-specialpedagogik-januari-2013\/\">Read more &#8250;<\/a><\/div>\n<p><!-- end of .read-more --><\/p>\n","protected":false},"author":3,"featured_media":0,"comment_status":"open","ping_status":"open","sticky":false,"template":"","format":"standard","meta":[],"categories":[3],"tags":[42,43,112],"_links":{"self":[{"href":"https:\/\/www.puheoikeus.fi\/en\/wp-json\/wp\/v2\/posts\/1825"}],"collection":[{"href":"https:\/\/www.puheoikeus.fi\/en\/wp-json\/wp\/v2\/posts"}],"about":[{"href":"https:\/\/www.puheoikeus.fi\/en\/wp-json\/wp\/v2\/types\/post"}],"author":[{"embeddable":true,"href":"https:\/\/www.puheoikeus.fi\/en\/wp-json\/wp\/v2\/users\/3"}],"replies":[{"embeddable":true,"href":"https:\/\/www.puheoikeus.fi\/en\/wp-json\/wp\/v2\/comments?post=1825"}],"version-history":[{"count":0,"href":"https:\/\/www.puheoikeus.fi\/en\/wp-json\/wp\/v2\/posts\/1825\/revisions"}],"wp:attachment":[{"href":"https:\/\/www.puheoikeus.fi\/en\/wp-json\/wp\/v2\/media?parent=1825"}],"wp:term":[{"taxonomy":"category","embeddable":true,"href":"https:\/\/www.puheoikeus.fi\/en\/wp-json\/wp\/v2\/categories?post=1825"},{"taxonomy":"post_tag","embeddable":true,"href":"https:\/\/www.puheoikeus.fi\/en\/wp-json\/wp\/v2\/tags?post=1825"}],"curies":[{"name":"wp","href":"https:\/\/api.w.org\/{rel}","templated":true}]}}